{"id":1021,"date":"2011-07-01T13:41:32","date_gmt":"2011-07-01T13:41:32","guid":{"rendered":"http:\/\/www.cadernetadeviagem.com\/?p=1021"},"modified":"2011-07-01T13:41:32","modified_gmt":"2011-07-01T13:41:32","slug":"roma-passeios-piazza-de-spagna-praca-de-espanha","status":"publish","type":"post","link":"http:\/\/cadernetadeviagem.com\/?p=1021","title":{"rendered":"Roma [passeios] Piazza de Spagna (Pra\u00e7a de Espanha)"},"content":{"rendered":"<p align=\"center\">\n<script type=\"text\/javascript\"><!--\ngoogle_ad_client = \"ca-pub-7558371050474824\";\n\/* wp cadviag horiz geral *\/\ngoogle_ad_slot = \"2832649424\";\ngoogle_ad_width = 468;\ngoogle_ad_height = 60;\n\/\/-->\n<\/script><br \/>\n<script type=\"text\/javascript\"\nsrc=\"http:\/\/pagead2.googlesyndication.com\/pagead\/show_ads.js\">\n<\/script>\n<\/p>\n<p align=\"right\"><a href=\"http:\/\/www.cadernetadeviagem.com\/?p=1058\">ver roteiros de passeios em Roma<\/a><\/p>\n<p align=\"center\"><img decoding=\"async\" border=\"0\" src=\"http:\/\/www.cadernetadeviagem.com\/Img1\/roma-03.jpg\" hspace=\"0\" vspace=\"0\" align=\"center\" 0><\/p>\n<p>A Piazza de Spagna \u00e9 visita obrigat\u00f3ria na cidade. Sua localiza\u00e7\u00e3o central a coloca no caminho natural de quem circula para conhecer Roma. <!--more-->A esta\u00e7\u00e3o de metr\u00f4 do mesmo nome \u00e9 a maneira mais conveniente de chegar \u00e0 pra\u00e7a. Veja <a href=\"http:\/\/maps.google.com.br\/maps?q=Piazza+di+Spagna,+Roma,+Italy&#038;hl=pt-BR&#038;ll=41.90611,12.482239&#038;spn=0.001143,0.001742&#038;sll=41.901129,12.483325&#038;sspn=0.002287,0.003484&#038;t=h&#038;z=20\">mapa<\/a>.<\/p>\n<p>A pra\u00e7a apresenta a famosa Escadaria Espanhola (Scalinata di Trinit\u00e0 dei Monti). O poeta ingl\u00eas John Keats morou e morreu na casa junto a escada, \u00e0 esquerda. Para cima da escadaria h\u00e1 a op\u00e7\u00e3o do passeio nos Jardins da Villa Borghese. <\/p>\n<p align=\"center\"><img decoding=\"async\" border=\"0\" src=\"http:\/\/cadernetadeviagem.com\/Img1\/roma-04.jpg\" hspace=\"0\" vspace=\"0\" align=\"center\" 0><\/p>\n<p><img decoding=\"async\" border=\"0\" src=\"http:\/\/cadernetadeviagem.com\/Img1\/roma-05.JPG\" hspace=\"0\" vspace=\"0\" align=\"right\" 0>Em frente a escadaria, atravessando a pra\u00e7a, come\u00e7a a  Via Condotti, uma sequ\u00eancia de lojas famosas que t\u00eam que ocupar um lugar nessa vitrine da moda. Mais adiante, a Via Condotti cruza com a Via del Corso, espinha dorsal da cidade, ligando a Piazza del Popolo \u00e0 Piazza Venezia.<\/p>\n","protected":false},"excerpt":{"rendered":"<p>ver roteiros de passeios em Roma A Piazza de Spagna \u00e9 visita obrigat\u00f3ria na cidade. Sua localiza\u00e7\u00e3o central a coloca no caminho natural de quem circula para conhecer Roma.<\/p>\n","protected":false},"author":2,"featured_media":0,"comment_status":"open","ping_status":"open","sticky":false,"template":"","format":"standard","meta":{"footnotes":""},"categories":[11,26],"tags":[58,76],"class_list":["post-1021","post","type-post","status-publish","format-standard","hentry","category-italia","category-roma","tag-italia","tag-roma"],"_links":{"self":[{"href":"http:\/\/cadernetadeviagem.com\/index.php?rest_route=\/wp\/v2\/posts\/1021","targetHints":{"allow":["GET"]}}],"collection":[{"href":"http:\/\/cadernetadeviagem.com\/index.php?rest_route=\/wp\/v2\/posts"}],"about":[{"href":"http:\/\/cadernetadeviagem.com\/index.php?rest_route=\/wp\/v2\/types\/post"}],"author":[{"embeddable":true,"href":"http:\/\/cadernetadeviagem.com\/index.php?rest_route=\/wp\/v2\/users\/2"}],"replies":[{"embeddable":true,"href":"http:\/\/cadernetadeviagem.com\/index.php?rest_route=%2Fwp%2Fv2%2Fcomments&post=1021"}],"version-history":[{"count":0,"href":"http:\/\/cadernetadeviagem.com\/index.php?rest_route=\/wp\/v2\/posts\/1021\/revisions"}],"wp:attachment":[{"href":"http:\/\/cadernetadeviagem.com\/index.php?rest_route=%2Fwp%2Fv2%2Fmedia&parent=1021"}],"wp:term":[{"taxonomy":"category","embeddable":true,"href":"http:\/\/cadernetadeviagem.com\/index.php?rest_route=%2Fwp%2Fv2%2Fcategories&post=1021"},{"taxonomy":"post_tag","embeddable":true,"href":"http:\/\/cadernetadeviagem.com\/index.php?rest_route=%2Fwp%2Fv2%2Ftags&post=1021"}],"curies":[{"name":"wp","href":"https:\/\/api.w.org\/{rel}","templated":true}]}}