{"id":1053,"date":"2011-07-01T20:25:14","date_gmt":"2011-07-01T20:25:14","guid":{"rendered":"http:\/\/www.cadernetadeviagem.com\/?p=1053"},"modified":"2011-07-01T20:25:14","modified_gmt":"2011-07-01T20:25:14","slug":"roma-passeios-panteao","status":"publish","type":"post","link":"http:\/\/cadernetadeviagem.com\/?p=1053","title":{"rendered":"Roma [passeios] Pante\u00e3o"},"content":{"rendered":"<p align=\"center\">\n<script type=\"text\/javascript\"><!--\ngoogle_ad_client = \"ca-pub-7558371050474824\";\n\/* wp cadviag horiz geral *\/\ngoogle_ad_slot = \"2832649424\";\ngoogle_ad_width = 468;\ngoogle_ad_height = 60;\n\/\/-->\n<\/script><br \/>\n<script type=\"text\/javascript\"\nsrc=\"http:\/\/pagead2.googlesyndication.com\/pagead\/show_ads.js\">\n<\/script>\n<\/p>\n<p align=\"right\"><a href=\"http:\/\/www.cadernetadeviagem.com\/?p=1058\">ver roteiros de passeios em Roma<\/a><\/p>\n<p>\u00c9 emocionante a imagem que se tem do Pante\u00e3o quando sa\u00edmos de uma das ruelas e nos deparamos com o pomposo monumento. \u00c9 um pr\u00e9dio constru\u00eddo em 27 a.C.! Sua fachada tem exato equil\u00edbrio de desenho, agradando de imediato.<\/p>\n<p align=\"center\"><img decoding=\"async\" border=\"0\" src=\"http:\/\/cadernetadeviagem.com\/Img1\/roma-14 panteao.jpg\" hspace=\"0\" vspace=\"0\" align=\"center\" 0><\/p>\n<p><!--more--><\/p>\n<p>Vale a entrada no Pantheon para ver sua c\u00fapula do interior. Seu di\u00e2metro de 43,3m \u00e9 maior que o da Igreja de S\u00e3o Pedro. <\/p>\n<p align=\"center\"><img decoding=\"async\" border=\"0\" src=\"http:\/\/cadernetadeviagem.com\/Img1\/roma-15 panteao.jpg\" hspace=\"0\" vspace=\"0\" align=\"center\" 0><\/p>\n<p>A pra\u00e7a em frente tem uma bela fonte, caf\u00e9s e o movimento de gente (d\u00e1 para ver pela foto abaixo) \u00e9 impressionante.<\/p>\n<p align=\"center\"><img decoding=\"async\" border=\"0\" src=\"http:\/\/cadernetadeviagem.com\/Img1\/roma-16 panteao.jpg\" hspace=\"0\" vspace=\"0\" align=\"center\" 0><\/p>\n","protected":false},"excerpt":{"rendered":"<p>ver roteiros de passeios em Roma \u00c9 emocionante a imagem que se tem do Pante\u00e3o quando sa\u00edmos de uma das ruelas e nos deparamos com o pomposo monumento. \u00c9 um pr\u00e9dio constru\u00eddo em 27 a.C.! Sua fachada tem exato equil\u00edbrio de desenho, agradando de imediato.<\/p>\n","protected":false},"author":2,"featured_media":0,"comment_status":"open","ping_status":"open","sticky":false,"template":"","format":"standard","meta":{"footnotes":""},"categories":[11,26],"tags":[58,76],"class_list":["post-1053","post","type-post","status-publish","format-standard","hentry","category-italia","category-roma","tag-italia","tag-roma"],"_links":{"self":[{"href":"http:\/\/cadernetadeviagem.com\/index.php?rest_route=\/wp\/v2\/posts\/1053","targetHints":{"allow":["GET"]}}],"collection":[{"href":"http:\/\/cadernetadeviagem.com\/index.php?rest_route=\/wp\/v2\/posts"}],"about":[{"href":"http:\/\/cadernetadeviagem.com\/index.php?rest_route=\/wp\/v2\/types\/post"}],"author":[{"embeddable":true,"href":"http:\/\/cadernetadeviagem.com\/index.php?rest_route=\/wp\/v2\/users\/2"}],"replies":[{"embeddable":true,"href":"http:\/\/cadernetadeviagem.com\/index.php?rest_route=%2Fwp%2Fv2%2Fcomments&post=1053"}],"version-history":[{"count":0,"href":"http:\/\/cadernetadeviagem.com\/index.php?rest_route=\/wp\/v2\/posts\/1053\/revisions"}],"wp:attachment":[{"href":"http:\/\/cadernetadeviagem.com\/index.php?rest_route=%2Fwp%2Fv2%2Fmedia&parent=1053"}],"wp:term":[{"taxonomy":"category","embeddable":true,"href":"http:\/\/cadernetadeviagem.com\/index.php?rest_route=%2Fwp%2Fv2%2Fcategories&post=1053"},{"taxonomy":"post_tag","embeddable":true,"href":"http:\/\/cadernetadeviagem.com\/index.php?rest_route=%2Fwp%2Fv2%2Ftags&post=1053"}],"curies":[{"name":"wp","href":"https:\/\/api.w.org\/{rel}","templated":true}]}}