{"id":1077,"date":"2011-07-02T00:10:40","date_gmt":"2011-07-02T00:10:40","guid":{"rendered":"http:\/\/www.cadernetadeviagem.com\/?p=1077"},"modified":"2011-07-02T00:10:40","modified_gmt":"2011-07-02T00:10:40","slug":"roma-passeios-basilica-e-praca-de-sao-pedro","status":"publish","type":"post","link":"http:\/\/cadernetadeviagem.com\/?p=1077","title":{"rendered":"Roma [passeios] Pra\u00e7a de S\u00e3o Pedro"},"content":{"rendered":"<p align=\"right\"><a href=\"http:\/\/www.cadernetadeviagem.com\/?p=1058\">ver roteiros de passeios em Roma<\/a><\/p>\n<p>O conjunto igreja e pra\u00e7a s\u00e3o de porte impressionante. As colunas da pra\u00e7a foram desenhadas para garantir perspectiva agrad\u00e1vel ao observador. <\/p>\n<p align=\"center\"><img decoding=\"async\" border=\"0\" src=\"http:\/\/cadernetadeviagem.com\/Img1\/roma-20 praca sao pedro.jpg\" align=\"center\" 0><\/p>\n<p><!--more--><\/p>\n<p>A maior igreja cat\u00f3lica do mundo. Contou com a genialidade de Michel\u00e2ngelo entre os artistas que contribuiram para seu desenho. Suas propor\u00e7\u00f5es s\u00e3o elegantes e, de longe, nem percebemos a grandiosidade do pr\u00e9dio. Os humanos simplesmente somem junto a suas colunas na foto de sua fachada. Como diz o Guia KeyGuide da Folha: &#8220;Poderosa, opulenta e fascinante, essa igreja est\u00e1 muito longe do in\u00edcio humilde do cristianismo, nas colinas da Galileia.&#8221;<\/p>\n<p align=\"center\"><img decoding=\"async\" border=\"0\" src=\"http:\/\/cadernetadeviagem.com\/Img1\/roma-22 praca sao pedro.jpg\" align=\"center\" 0><\/p>\n<p>Um guarda-chuva no estilo chin\u00eas d\u00e1 oportunidade de uma foto colorida num dia de sol.<\/p>\n<p align=\"center\"><img decoding=\"async\" border=\"0\" src=\"http:\/\/cadernetadeviagem.com\/Img1\/roma-21 praca sao pedro.jpg\" align=\"center\" 0><\/p>\n","protected":false},"excerpt":{"rendered":"<p>ver roteiros de passeios em Roma O conjunto igreja e pra\u00e7a s\u00e3o de porte impressionante. As colunas da pra\u00e7a foram desenhadas para garantir perspectiva agrad\u00e1vel ao observador.<\/p>\n","protected":false},"author":2,"featured_media":0,"comment_status":"open","ping_status":"open","sticky":false,"template":"","format":"standard","meta":{"footnotes":""},"categories":[11,26],"tags":[58,76],"class_list":["post-1077","post","type-post","status-publish","format-standard","hentry","category-italia","category-roma","tag-italia","tag-roma"],"_links":{"self":[{"href":"http:\/\/cadernetadeviagem.com\/index.php?rest_route=\/wp\/v2\/posts\/1077","targetHints":{"allow":["GET"]}}],"collection":[{"href":"http:\/\/cadernetadeviagem.com\/index.php?rest_route=\/wp\/v2\/posts"}],"about":[{"href":"http:\/\/cadernetadeviagem.com\/index.php?rest_route=\/wp\/v2\/types\/post"}],"author":[{"embeddable":true,"href":"http:\/\/cadernetadeviagem.com\/index.php?rest_route=\/wp\/v2\/users\/2"}],"replies":[{"embeddable":true,"href":"http:\/\/cadernetadeviagem.com\/index.php?rest_route=%2Fwp%2Fv2%2Fcomments&post=1077"}],"version-history":[{"count":0,"href":"http:\/\/cadernetadeviagem.com\/index.php?rest_route=\/wp\/v2\/posts\/1077\/revisions"}],"wp:attachment":[{"href":"http:\/\/cadernetadeviagem.com\/index.php?rest_route=%2Fwp%2Fv2%2Fmedia&parent=1077"}],"wp:term":[{"taxonomy":"category","embeddable":true,"href":"http:\/\/cadernetadeviagem.com\/index.php?rest_route=%2Fwp%2Fv2%2Fcategories&post=1077"},{"taxonomy":"post_tag","embeddable":true,"href":"http:\/\/cadernetadeviagem.com\/index.php?rest_route=%2Fwp%2Fv2%2Ftags&post=1077"}],"curies":[{"name":"wp","href":"https:\/\/api.w.org\/{rel}","templated":true}]}}