{"id":1089,"date":"2011-07-02T15:06:35","date_gmt":"2011-07-02T15:06:35","guid":{"rendered":"http:\/\/www.cadernetadeviagem.com\/?p=1089"},"modified":"2011-07-02T15:06:35","modified_gmt":"2011-07-02T15:06:35","slug":"roma-passeios-museu-do-vaticano","status":"publish","type":"post","link":"http:\/\/cadernetadeviagem.com\/?p=1089","title":{"rendered":"Roma [passeios] Museu do Vaticano"},"content":{"rendered":"<p align=\"right\"><a href=\"http:\/\/www.cadernetadeviagem.com\/?p=1058\">ver roteiros de passeios em Roma<\/a><\/p>\n<p>Localizado ao lado da Pra\u00e7a de S\u00e3o Pedro, \u00e9 visita obrigat\u00f3ria, mesmo para os mais apressados como eu. Do museu, temos acesso \u00e0 justificadamente famosa Capela Sistina. Imperd\u00edvel. Pre\u00e7o da entrada: 15 euros. O museu n\u00e3o abre aos domingos. \u00c9 melhor ir na parte da tarde quando as filas j\u00e1 diminu\u00edram. <\/p>\n<p>Logo ao entrar, v\u00e1 ao jardim com vista para o domo da Catedral de S\u00e3o Pedro.<\/p>\n<p align=\"center\"><img decoding=\"async\" border=\"0\" src=\"http:\/\/cadernetadeviagem.com\/Img1\/roma-26 museu vaticano.jpg\" hspace=\"0\" vspace=\"0\" align=\"center\" 0><\/p>\n<p><!--more--><\/p>\n<p>A cole\u00e7\u00e3o de est\u00e1tuas cl\u00e1ssicas \u00e9 maravilhosa. <\/p>\n<p align=\"center\"><img decoding=\"async\" border=\"0\" src=\"http:\/\/cadernetadeviagem.com\/Img1\/roma-27 museu vaticano.jpg\" hspace=\"0\" vspace=\"0\" align=\"center\" 0><\/p>\n<p>Os afrescos nos tetos das salas antev\u00eaem o desejado cen\u00e1rio da Capela Sistina.<\/p>\n<p align=\"center\"><img decoding=\"async\" border=\"0\" src=\"http:\/\/cadernetadeviagem.com\/Img1\/roma-28 museu vaticano.jpg\" hspace=\"0\" vspace=\"0\" align=\"center\" 0><\/p>\n<p>Belas est\u00e1tuas d\u00e3o boas oportunidades de fotos.<\/p>\n<p align=\"center\"><img decoding=\"async\" border=\"0\" src=\"http:\/\/cadernetadeviagem.com\/Img1\/roma-29 museu vaticano.jpg\" hspace=\"0\" vspace=\"0\" align=\"center\" 0><\/p>\n<p>A tecnologia contracena com a beleza das obras. Um colega que perdeu a c\u00e2mera, fotografou com o iPad. Uma tend\u00eancia?<\/p>\n<p align=\"center\"><img decoding=\"async\" border=\"0\" src=\"http:\/\/cadernetadeviagem.com\/Img1\/roma-30 museu vaticano.jpg\" hspace=\"0\" vspace=\"0\" align=\"center\" 0><\/p>\n<p>Os longos corredores com tape\u00e7arias e tetos cobertos de pinturas levam ao outro extremo do museu, onde fica a Capela Sistina.<\/p>\n<p align=\"center\"><img decoding=\"async\" border=\"0\" src=\"http:\/\/cadernetadeviagem.com\/Img1\/roma-31 museu vaticano.jpg\" hspace=\"0\" vspace=\"0\" align=\"center\" 0><\/p>\n<p>\u00c9 proibido fotografar na Capela Sistina. Eu quase cumpri a regra. Num sacrif\u00edcio para os leitores do site, fiz pequeno registro da majestosa obra. <\/p>\n<p align=\"center\"><img decoding=\"async\" border=\"0\" src=\"http:\/\/cadernetadeviagem.com\/Img1\/roma-32 museu vaticano.jpg\" hspace=\"0\" vspace=\"0\" align=\"center\" 0><\/p>\n<p>Outro terra\u00e7o do museu, com uma cafeteria, \u00e9 lugar para descansar da caminhada cultural.<\/p>\n<p align=\"center\"><img decoding=\"async\" border=\"0\" src=\"http:\/\/cadernetadeviagem.com\/Img1\/roma-33 museu vaticano.jpg\" hspace=\"0\" vspace=\"0\" align=\"center\" 0><\/p>\n<p>Na sa\u00edda do museu, a bela escadaria em dupla h\u00e9lice tem forma quase contempor\u00e2nea e se presta a uma foto mais ambiciosa.<\/p>\n<p align=\"center\"><img decoding=\"async\" border=\"0\" src=\"http:\/\/cadernetadeviagem.com\/Img1\/roma-34 museu vaticano.jpg\" hspace=\"0\" vspace=\"0\" align=\"center\" 0><\/p>\n","protected":false},"excerpt":{"rendered":"<p>ver roteiros de passeios em Roma Localizado ao lado da Pra\u00e7a de S\u00e3o Pedro, \u00e9 visita obrigat\u00f3ria, mesmo para os mais apressados como eu. Do museu, temos acesso \u00e0 justificadamente famosa Capela Sistina. Imperd\u00edvel. Pre\u00e7o da entrada: 15 euros. O museu n\u00e3o abre aos domingos. \u00c9 melhor ir na parte da tarde quando as filas &hellip; <a href=\"http:\/\/cadernetadeviagem.com\/?p=1089\" class=\"more-link\">Continue lendo<span class=\"screen-reader-text\"> &#8220;Roma [passeios] Museu do Vaticano&#8221;<\/span><\/a><\/p>\n","protected":false},"author":2,"featured_media":0,"comment_status":"open","ping_status":"open","sticky":false,"template":"","format":"standard","meta":{"footnotes":""},"categories":[11,26],"tags":[58,67,76],"class_list":["post-1089","post","type-post","status-publish","format-standard","hentry","category-italia","category-roma","tag-italia","tag-museus","tag-roma"],"_links":{"self":[{"href":"http:\/\/cadernetadeviagem.com\/index.php?rest_route=\/wp\/v2\/posts\/1089","targetHints":{"allow":["GET"]}}],"collection":[{"href":"http:\/\/cadernetadeviagem.com\/index.php?rest_route=\/wp\/v2\/posts"}],"about":[{"href":"http:\/\/cadernetadeviagem.com\/index.php?rest_route=\/wp\/v2\/types\/post"}],"author":[{"embeddable":true,"href":"http:\/\/cadernetadeviagem.com\/index.php?rest_route=\/wp\/v2\/users\/2"}],"replies":[{"embeddable":true,"href":"http:\/\/cadernetadeviagem.com\/index.php?rest_route=%2Fwp%2Fv2%2Fcomments&post=1089"}],"version-history":[{"count":0,"href":"http:\/\/cadernetadeviagem.com\/index.php?rest_route=\/wp\/v2\/posts\/1089\/revisions"}],"wp:attachment":[{"href":"http:\/\/cadernetadeviagem.com\/index.php?rest_route=%2Fwp%2Fv2%2Fmedia&parent=1089"}],"wp:term":[{"taxonomy":"category","embeddable":true,"href":"http:\/\/cadernetadeviagem.com\/index.php?rest_route=%2Fwp%2Fv2%2Fcategories&post=1089"},{"taxonomy":"post_tag","embeddable":true,"href":"http:\/\/cadernetadeviagem.com\/index.php?rest_route=%2Fwp%2Fv2%2Ftags&post=1089"}],"curies":[{"name":"wp","href":"https:\/\/api.w.org\/{rel}","templated":true}]}}