{"id":151,"date":"2018-08-22T02:00:16","date_gmt":"2018-08-22T02:00:16","guid":{"rendered":"http:\/\/www.cadernetadeviagem.com\/?p=151"},"modified":"2018-08-22T02:00:16","modified_gmt":"2018-08-22T02:00:16","slug":"bariloche-o-clima","status":"publish","type":"post","link":"http:\/\/cadernetadeviagem.com\/?p=151","title":{"rendered":"Bariloche [clima]"},"content":{"rendered":"<p><strong><a href=\"http:\/\/www.cadernetadeviagem.com\/?p=227\">introdu\u00e7\u00e3o<\/a><\/strong><strong> | <\/strong><strong><a href=\"http:\/\/www.cadernetadeviagem.com\/?p=834\">planejar<\/a><\/strong><strong> | <\/strong><strong><a href=\"http:\/\/www.cadernetadeviagem.com\/?p=151\">clima<\/a><\/strong><strong> | <\/strong><strong><a href=\"http:\/\/www.cadernetadeviagem.com\/?p=139\">chegar e partir<\/a><\/strong><strong> | <\/strong><strong><a href=\"http:\/\/www.cadernetadeviagem.com\/?p=237\">vestir<\/a><\/strong><strong> | <\/strong><strong><a href=\"http:\/\/www.cadernetadeviagem.com\/?p=144\">comer<\/a><\/strong><strong> | <\/strong><strong><a href=\"http:\/\/www.cadernetadeviagem.com\/?p=158\">dormir<\/a><\/strong><strong> | <\/strong><strong><a href=\"http:\/\/www.cadernetadeviagem.com\/?p=78\">deslocar-se<\/a><\/strong><strong> | <\/strong><strong><a href=\"http:\/\/www.cadernetadeviagem.com\/?p=394\">roteiro 6 dias<\/a><\/strong><strong> | <\/strong><strong><a href=\"http:\/\/www.cadernetadeviagem.com\/?p=82\">esquiar<\/a><\/strong><strong> | <\/strong><strong><a href=\"http:\/\/www.cadernetadeviagem.com\/?p=147\">comprar<\/a><\/strong><\/p>\n<p align=\"center\"><span style=\"font-family: Arial;\"><span style=\"font-family: arial;\"><img loading=\"lazy\" decoding=\"async\" src=\"http:\/\/www.polemikos.com\/imagem5\/bariloche 080812 02.jpg\" alt=\"bariloche 2008\" width=\"511\" height=\"384\" align=\"baseline\" border=\"0\" hspace=\"0\" \/><\/span><\/span><\/p>\n<h2 class=\"subtitlenoticia\">As primeiras neves de 2019 ca\u00edram na madrugada de 30 de maio. Uma boa sinaliza\u00e7\u00e3o para a temporada de inverno desse ano.<\/h2>\n<p><span style=\"font-family: Arial;\"><strong>&#8211; Qual o per\u00edodo com neve em Bariloche?<\/strong><\/span><br \/>\n<span style=\"font-family: Arial;\">O clima \u00e9 uma preocupa\u00e7\u00e3o b\u00e1sica para quem vai viajar a Bariloche. As perguntas mais frequentes s\u00e3o: Quando haver\u00e1 neve em Bariloche? Quando come\u00e7a a nevar? Quando termina? Uma resposta r\u00e1pida e sucinta: <\/span><span style=\"font-family: Arial;\"><strong>&#8220;Em junho come\u00e7a a nevar. Em setembro, termina.&#8221;<\/strong><\/span><span style=\"font-family: Arial;\"> O per\u00edodo melhor acontece em julho e agosto. A varia\u00e7\u00e3o de ano para ano \u00e9 muito grande. Em junho pode ter muito pouca neve, mais concentrada no alto da montanha. Agosto costuma ser a \u00e9poca mais prov\u00e1vel para encontrar neve, que se acumula durante julho e, tamb\u00e9m, pelas providenciais nevascas que acontecem no fim da temporada. <\/span><\/p>\n<p><span style=\"font-family: Arial;\">Em 2018, nevou bem em junho. Julho praticamente n\u00e3o viu neve caindo. A neve s\u00f3 veio bem no final de agosto de 2018. O ano de 2017 foi positivamente at\u00edpico, teve neve at\u00e9 outubro. Foi<\/span><span style=\"font-family: Arial;\">\u00a0um espet\u00e1culo! Os\u00a0<\/span><span style=\"font-family: Arial;\">moradores de Bariloche sorriem quando dizem que esquiaram at\u00e9 outubro. Resumo da \u00f3pera: quando viajamos temos que ter sorte para acertar no clima.\u00a0J\u00e1 teve ano que cheguei a Bariloche no in\u00edcio de agosto e, junto comigo, chegou a neve que estava ausente por quase todo m\u00eas de julho.<\/span><\/p>\n<p>Veja o hist\u00f3rico e comparativo da precipita\u00e7\u00e3o de neve em Bariloche no site <a href=\"http:\/\/www.onthesnow.com.br\/argentina\/cerro-catedral-alta-patagonia\/historicoprecipitacoes.html?&amp;y=0\">Onthesnow<\/a>.<\/p>\n<p><!--more--><\/p>\n<p><span style=\"font-family: Arial;\"><strong>&#8211; Previs\u00e3o do Tempo<\/strong><\/span><br \/>\n<span style=\"font-family: Arial;\">O site mais completo sobre a previs\u00e3o do tempo em Bari tem estimativas para at\u00e9 10 dias, \u00e9 o <\/span><span style=\"font-family: Arial;\"><a href=\"http:\/\/www.foreca.com\/Argentine\/Cerro_Catedral_Alta_Patagonia\">Foreca<\/a><\/span><span style=\"font-family: Arial;\">. Fique de olho nas atualiza\u00e7\u00f5es di\u00e1rias.<\/span><\/p>\n<p><span style=\"font-family: Arial;\"><strong>&#8211; C\u00e2meras em Bariloche<\/strong><\/span><br \/>\n<span style=\"font-family: Arial;\">Veja na foto abaixo como estava a bonita neve em Cerro Catedral em 5 de agosto de 2009. Veja como est\u00e1 agora acessando as imagens da <\/span><span style=\"font-family: Arial;\"><a href=\"http:\/\/www.bariloche.org\/imagenes\/camaras\/catedral.html\">c\u00e2mera &#8220;on line&#8221;<\/a><\/span><span style=\"font-family: Arial;\">.<\/span><\/p>\n<p align=\"center\"><span style=\"font-family: Arial;\"><span style=\"font-family: arial;\"><img loading=\"lazy\" decoding=\"async\" src=\"http:\/\/www.polemikos.com\/imagem6\/neve em bariloche 090805.jpg\" alt=\"bariloche 2009\" width=\"490\" height=\"369\" align=\"baseline\" border=\"0\" hspace=\"0\" \/><\/span><\/span><\/p>\n<p><span style=\"font-family: Arial;\">Fora do inverno a montanha fica sem neve, como na imagem abaixo, mostrada pela c\u00e2mera de Cerro Catedral:<\/span><\/p>\n<p align=\"center\"><span style=\"font-family: Arial;\"><span style=\"font-family: arial;\"><img decoding=\"async\" src=\"http:\/\/www.cadernetadeviagem.com\/Img2\/bariloche 19042013.jpg\" alt=\"bariloche 2013\" align=\"baseline\" border=\"0\" hspace=\"0\" \/><\/span><\/span><\/p>\n<p><span style=\"font-family: Arial;\"><strong>&#8211; Nascer e por do Sol em Bariloche<\/strong><\/span><br \/>\n<span style=\"font-family: Arial;\">Comentemos um detalhe sobre os hor\u00e1rios em Bariloche. O amanhecer em Bariloche \u00e9 muito tarde. Acontece depois de 8h da manh\u00e3. Isso porque o sol nasce tarde no inverno, quando estamos normalmente visitando a cidade. O outro motivo \u00e9 que a Argentina manteve a hora de Bariloche igual a de Buenos Aires. Como Bariloche est\u00e1 muito a oeste de Buenos Aires, deveria estar em outro fuso hor\u00e1rio para que as horas oficiais da cidade ficassem pr\u00f3ximas da chamada &#8220;hora verdadeira&#8221;. A hora verdaderia de uma cidade \u00e9 o hor\u00e1rio ajustado que faz com que o sol esteja na vertical do lugar ao meio-dia. Como a hora de Bariloche \u00e9 a mesma de Buenos Aires, h\u00e1 uma distor\u00e7\u00e3o que empurra o nascer do sol na cidade para depois de 8h da manh\u00e3! E o sol s\u00f3 chega a seu ponto mais alto no c\u00e9u depois de 13h. Para o turista, o efeito principal \u00e9 que voc\u00ea v\u00ea o sol nascer mesmo acordando razoavelmente tarde e tem um pouco mais de luz no fim do dia, apesar dos dias serem mais curtos devido ao inverno. T\u00e1 vendo? Turismo tamb\u00e9m \u00e9 cultura.<\/span><\/p>\n","protected":false},"excerpt":{"rendered":"<p>introdu\u00e7\u00e3o | planejar | clima | chegar e partir | vestir | comer | dormir | deslocar-se | roteiro 6 dias | esquiar | comprar As primeiras neves de 2019 ca\u00edram na madrugada de 30 de maio. Uma boa sinaliza\u00e7\u00e3o para a temporada de inverno desse ano. &#8211; Qual o per\u00edodo com neve em Bariloche? &hellip; <a href=\"http:\/\/cadernetadeviagem.com\/?p=151\" class=\"more-link\">Continue lendo<span class=\"screen-reader-text\"> &#8220;Bariloche [clima]&#8221;<\/span><\/a><\/p>\n","protected":false},"author":2,"featured_media":0,"comment_status":"open","ping_status":"open","sticky":false,"template":"","format":"standard","meta":{"footnotes":""},"categories":[2,3],"tags":[39,40],"class_list":["post-151","post","type-post","status-publish","format-standard","hentry","category-argentina","category-bariloche","tag-argentina","tag-bariloche"],"_links":{"self":[{"href":"http:\/\/cadernetadeviagem.com\/index.php?rest_route=\/wp\/v2\/posts\/151","targetHints":{"allow":["GET"]}}],"collection":[{"href":"http:\/\/cadernetadeviagem.com\/index.php?rest_route=\/wp\/v2\/posts"}],"about":[{"href":"http:\/\/cadernetadeviagem.com\/index.php?rest_route=\/wp\/v2\/types\/post"}],"author":[{"embeddable":true,"href":"http:\/\/cadernetadeviagem.com\/index.php?rest_route=\/wp\/v2\/users\/2"}],"replies":[{"embeddable":true,"href":"http:\/\/cadernetadeviagem.com\/index.php?rest_route=%2Fwp%2Fv2%2Fcomments&post=151"}],"version-history":[{"count":0,"href":"http:\/\/cadernetadeviagem.com\/index.php?rest_route=\/wp\/v2\/posts\/151\/revisions"}],"wp:attachment":[{"href":"http:\/\/cadernetadeviagem.com\/index.php?rest_route=%2Fwp%2Fv2%2Fmedia&parent=151"}],"wp:term":[{"taxonomy":"category","embeddable":true,"href":"http:\/\/cadernetadeviagem.com\/index.php?rest_route=%2Fwp%2Fv2%2Fcategories&post=151"},{"taxonomy":"post_tag","embeddable":true,"href":"http:\/\/cadernetadeviagem.com\/index.php?rest_route=%2Fwp%2Fv2%2Ftags&post=151"}],"curies":[{"name":"wp","href":"https:\/\/api.w.org\/{rel}","templated":true}]}}