{"id":448,"date":"2013-01-23T21:25:38","date_gmt":"2013-01-23T21:25:38","guid":{"rendered":"http:\/\/www.cadernetadeviagem.com\/?p=448"},"modified":"2013-01-23T21:25:38","modified_gmt":"2013-01-23T21:25:38","slug":"lago-lacar-lago-e-villa-traful","status":"publish","type":"post","link":"http:\/\/cadernetadeviagem.com\/?p=448","title":{"rendered":"Bariloche [passeios] Lago L\u00e1car, Lago e Villa Traful"},"content":{"rendered":"<p align=\"right\"><a href=\"http:\/\/www.cadernetadeviagem.com\/?p=227\">voltar ao \u00edndice de Bariloche<\/a><\/p>\n<p>O caminho ligando San Martin de Los Andes a Bariloche, passando pelo Lago Traful \u00e9 outra rota imperd\u00edvel para o turista na regi\u00e3o dos Sete Lagos. Percorri este caminho retornando de San Martin de Los Andes para Bariloche.<!--more--><\/p>\n<p><iframe loading=\"lazy\" width=\"425\" height=\"350\" frameborder=\"0\" scrolling=\"no\" marginheight=\"0\" marginwidth=\"0\" src=\"http:\/\/maps.google.com\/maps?f=d&amp;source=s_d&amp;saddr=San+Mart%C3%ADn+de+Los+Andes,+Neuqu%C3%A9n,+Argentina&amp;daddr=RN+234+to:-40.663973,-71.419373+to:San+Carlos+de+Bariloche,+R%C3%ADo+Negro,+Argentina&amp;hl=pt-BR&amp;geocode=FfUam_0dEEm_-ynH0AU2dA4RljE6vGYc-z_EcQ%3BFdhVl_0djf68-w%3B%3BFZgcjP0dagfA-ynlYMggFXsaljFlmnvLl64Qgg&amp;mra=dpe&amp;mrcr=0&amp;mrsp=2&amp;sz=9&amp;via=1,2&amp;sll=-40.531315,-70.991275&amp;sspn=1.565662,3.155823&amp;ie=UTF8&amp;ll=-40.531315,-70.991275&amp;spn=1.565662,3.155823&amp;output=embed\"><\/iframe><br \/><small><a href=\"http:\/\/maps.google.com\/maps?f=d&amp;source=embed&amp;saddr=San+Mart%C3%ADn+de+Los+Andes,+Neuqu%C3%A9n,+Argentina&amp;daddr=RN+234+to:-40.663973,-71.419373+to:San+Carlos+de+Bariloche,+R%C3%ADo+Negro,+Argentina&amp;hl=pt-BR&amp;geocode=FfUam_0dEEm_-ynH0AU2dA4RljE6vGYc-z_EcQ%3BFdhVl_0djf68-w%3B%3BFZgcjP0dagfA-ynlYMggFXsaljFlmnvLl64Qgg&amp;mra=dpe&amp;mrcr=0&amp;mrsp=2&amp;sz=9&amp;via=1,2&amp;sll=-40.531315,-70.991275&amp;sspn=1.565662,3.155823&amp;ie=UTF8&amp;ll=-40.531315,-70.991275&amp;spn=1.565662,3.155823\" style=\"color:#0000FF;text-align:left\">Exibir mapa ampliado<\/a><\/small><\/p>\n<p>A Villa Traful, \u00e0 beira do lago, merece a visita. Passeios na vizinhan\u00e7a, para ver cachoeiras, s\u00e3o oportunidades para quem tem tempo. Ted Turner, o milion\u00e1rio da m\u00eddia, em 1997, quando estava casado com Jane Fonda, ficou encantado com o lugar e comprou uma fazenda na regi\u00e3o por 7 milh\u00f5es de d\u00f3lares. D\u00e1 para imaginar como aquelas terras s\u00e3o belas.<\/p>\n<p>Para voltar a Bariloche, saindo de San Martin de Los Andes, o lado direito da estrada oferece a vista do Lago L\u00e1car. Suas \u00e1guas estavam bem quietas nesse dia, se fingiam de espelho, um espet\u00e1culo especial.<\/p>\n<p><img decoding=\"async\" border=\"0\" align=\"baseline\" src=\"http:\/\/polemikos.com\/imagem6\/foto_Arg2005_61_espelho do lago Lacar.jpg\" hspace=\"0\" vspace=\"0\" alt=\"Bariloche\"><\/p>\n<p>Depois, nos afastamos do lago e rumamos pela rota 234, a mesma estrada de terra que percorremos na vinda para San Martin. A estrada n\u00e3o estava t\u00e3o ruim, mas ainda havia lama criada pela neve derretida.<\/p>\n<p><img decoding=\"async\" border=\"0\" align=\"baseline\" src=\"http:\/\/polemikos.com\/imagem6\/foto_Arg2005_62_rota 234 para sul.jpg\" hspace=\"0\" vspace=\"0\" alt=\"Bariloche\"><\/p>\n<p>Uma sa\u00edda \u00e0 esquerda \u00e9 o in\u00edcio da rota 65, alternativa para retornar a Bariloche passando pelo Lago Traful. A estrada \u00e9 bonita, alternando florestas densas e rios pedregosos, cercados pela montanha com neve. Fernando Milanez descreveu assim sua viagem em 2010: &#8220;Sa\u00ed para La Angostura, peguei a estrada de terra e cascalho que levaria para San Martin, mas dobrei \u00e0 direita no meio do caminho em dire\u00e7\u00e3o ao Lago Traful, voltando para Bariloche pela estrada que margeia este lago. \u00c9 IMPERD\u00cdVEL. FA\u00c7A ESTE PASSEIO. Coube perfeitamente em um dia, com bilhares de paradas para mais de 150 fotos do trajeto. Cada \u00e2ngulo da vista vale cada minuto dentro do carro. Tome cuidado apenas pois as estradas s\u00e3o de terra e cascalho solto, o que pode lhe dar diversos sustos com o carro \u201csaindo\u201d de traseira. V\u00e1 devagar, at\u00e9 para olhar entre as \u00e1rvores e perceber que os lagos com suas prainhas s\u00e3o um espet\u00e1culo \u00e0 parte. Tome cuidado tamb\u00e9m, pois h\u00e1 MUITAS vacas soltas no caminho perto do Lago Traful.&#8221;<\/p>\n<p><img decoding=\"async\" border=\"0\" align=\"baseline\" src=\"http:\/\/polemikos.com\/imagem6\/foto_Arg2005_63_rota 65 para lago Traful.jpg\" hspace=\"0\" vspace=\"0\" alt=\"Bariloche\"><\/p>\n<p>Paramos em um espa\u00e7o para piqueniques, uma praia na margem do grande Lago Traful, com 80 km\u00b2 de superf\u00edcie. <\/p>\n<p><img decoding=\"async\" border=\"0\" align=\"baseline\" src=\"http:\/\/polemikos.com\/imagem6\/foto_Arg2005_64_primeira vista do lago Traful.jpg\" hspace=\"0\" vspace=\"0\" alt=\"Bariloche\"><\/p>\n<p>Depois, seguimos pela rota 65 ladeando o lago. A estrada apresenta belas varia\u00e7\u00f5es de floresta e vistas para o lago, conforme podemos ver nas tr\u00eas fotos abaixo. <\/p>\n<p><img decoding=\"async\" border=\"0\" align=\"baseline\" src=\"http:\/\/polemikos.com\/imagem6\/foto_Arg2005_65_florsta junto ao lago Traful.jpg\" hspace=\"0\" vspace=\"0\" alt=\"Bariloche\"><\/p>\n<p><img decoding=\"async\" border=\"0\" align=\"baseline\" src=\"http:\/\/polemikos.com\/imagem6\/foto_Arg2005_66_lago Traful visto da estrada.jpg\" hspace=\"0\" vspace=\"0\" alt=\"Bariloche\"><\/p>\n<p><img decoding=\"async\" border=\"0\" align=\"baseline\" src=\"http:\/\/polemikos.com\/imagem6\/foto_Arg2005_67_lago Traful visto da estrada2.jpg\" hspace=\"0\" vspace=\"0\" alt=\"Bariloche\"><\/p>\n<p>Chegamos a Villa Traful, pequeno lugarejo \u00e0 beira do lago, que deve ser local muito agrad\u00e1vel no ver\u00e3o. A pesca e passeios de barco s\u00e3o a pedida para a \u00e9poca quente do ano. Como est\u00e1vamos no inverno, passamos r\u00e1pido pela cidade (nem fotos fizemos) e seguimos para o Mirador del Viento, localizado a 70 m do n\u00edvel do lago, que proporciona belas vistas. <\/p>\n<p><img decoding=\"async\" border=\"0\" align=\"baseline\" src=\"http:\/\/polemikos.com\/imagem6\/foto_Arg2005_68_Mirador de Traful.jpg\" hspace=\"0\" vspace=\"0\" alt=\"Bariloche\"><\/p>\n<p><img decoding=\"async\" border=\"0\" align=\"baseline\" src=\"http:\/\/polemikos.com\/imagem6\/foto_Arg2005_69_Villa Traful vista do Mirador.jpg\" hspace=\"0\" vspace=\"0\" alt=\"Bariloche\"><\/p>\n<p>Atentem para a cor da \u00e1gua junto \u00e0s pedras.<\/p>\n<p><img decoding=\"async\" border=\"0\" align=\"baseline\" src=\"http:\/\/polemikos.com\/imagem6\/foto_Arg2005_70_escarpa vista do Mirador.jpg\" hspace=\"0\" vspace=\"0\" alt=\"Bariloche\"><\/p>\n<p><img decoding=\"async\" border=\"0\" align=\"baseline\" src=\"http:\/\/polemikos.com\/imagem6\/foto_Arg2005_77_lago Traful visto do Mirador.jpg\" hspace=\"0\" vspace=\"0\" alt=\"Bariloche\"><\/p>\n<p>A regi\u00e3o junto da vila oferece alguns lugares de interesse, com cascatas e bosques. Mas t\u00ednhamos pressa e seguimos para encontrar a rota 237, que nos levaria ao sul de volta a Bariloche. <\/p>\n<p><img decoding=\"async\" border=\"0\" align=\"baseline\" src=\"http:\/\/polemikos.com\/imagem6\/foto_Arg2005_71_em direcao a rota 237.jpg\" hspace=\"0\" vspace=\"0\" alt=\"Bariloche\"><\/p>\n<p>Este trecho apresenta muitas esculturas na rocha, com belas formas para serem apreciadas. <\/p>\n<p><img decoding=\"async\" border=\"0\" align=\"baseline\" src=\"http:\/\/polemikos.com\/imagem6\/foto_Arg2005_72_castelo na rocha.jpg\" hspace=\"0\" vspace=\"0\" alt=\"Bariloche\"><\/center><\/p>\n<p><img decoding=\"async\" border=\"0\" align=\"baseline\" src=\"http:\/\/polemikos.com\/imagem6\/foto_Arg2005_73_rio e rocha.jpg\" hspace=\"0\" vspace=\"0\" alt=\"Bariloche\"><\/p>\n<p><img decoding=\"async\" border=\"0\" align=\"baseline\" src=\"http:\/\/polemikos.com\/imagem6\/foto_Arg2005_74_rocha escavada.jpg\" hspace=\"0\" vspace=\"0\" alt=\"Bariloche\"><\/p>\n<p>Aproxima-se o fim do passeio. A sol j\u00e1 est\u00e1 baixo e funciona perfeitamente para dar luz certa para a foto da estrada.<\/p>\n<p><img decoding=\"async\" border=\"0\" align=\"baseline\" src=\"http:\/\/polemikos.com\/imagem6\/foto_Arg2005_75_rota 237 fim de tarde.jpg\" hspace=\"0\" vspace=\"0\" alt=\"Bariloche\"><\/p>\n<p>Atrav\u00e9s do lago Nauel Huapi, podemos ver Bariloche. <\/p>\n<p><img decoding=\"async\" border=\"0\" align=\"baseline\" src=\"http:\/\/polemikos.com\/imagem6\/foto_Arg2005_76_Barilloche ao longe.jpg\" hspace=\"0\" vspace=\"0\" alt=\"Bariloche\"><\/p>\n<p>Viagem perfeita. Que pena, terminou.<\/p>\n","protected":false},"excerpt":{"rendered":"<p>voltar ao \u00edndice de Bariloche O caminho ligando San Martin de Los Andes a Bariloche, passando pelo Lago Traful \u00e9 outra rota imperd\u00edvel para o turista na regi\u00e3o dos Sete Lagos. Percorri este caminho retornando de San Martin de Los Andes para Bariloche.<\/p>\n","protected":false},"author":2,"featured_media":0,"comment_status":"open","ping_status":"open","sticky":false,"template":"","format":"standard","meta":{"footnotes":""},"categories":[2,3,27],"tags":[39,40],"class_list":["post-448","post","type-post","status-publish","format-standard","hentry","category-argentina","category-bariloche","category-san-martin-de-los-andes","tag-argentina","tag-bariloche"],"_links":{"self":[{"href":"http:\/\/cadernetadeviagem.com\/index.php?rest_route=\/wp\/v2\/posts\/448","targetHints":{"allow":["GET"]}}],"collection":[{"href":"http:\/\/cadernetadeviagem.com\/index.php?rest_route=\/wp\/v2\/posts"}],"about":[{"href":"http:\/\/cadernetadeviagem.com\/index.php?rest_route=\/wp\/v2\/types\/post"}],"author":[{"embeddable":true,"href":"http:\/\/cadernetadeviagem.com\/index.php?rest_route=\/wp\/v2\/users\/2"}],"replies":[{"embeddable":true,"href":"http:\/\/cadernetadeviagem.com\/index.php?rest_route=%2Fwp%2Fv2%2Fcomments&post=448"}],"version-history":[{"count":0,"href":"http:\/\/cadernetadeviagem.com\/index.php?rest_route=\/wp\/v2\/posts\/448\/revisions"}],"wp:attachment":[{"href":"http:\/\/cadernetadeviagem.com\/index.php?rest_route=%2Fwp%2Fv2%2Fmedia&parent=448"}],"wp:term":[{"taxonomy":"category","embeddable":true,"href":"http:\/\/cadernetadeviagem.com\/index.php?rest_route=%2Fwp%2Fv2%2Fcategories&post=448"},{"taxonomy":"post_tag","embeddable":true,"href":"http:\/\/cadernetadeviagem.com\/index.php?rest_route=%2Fwp%2Fv2%2Ftags&post=448"}],"curies":[{"name":"wp","href":"https:\/\/api.w.org\/{rel}","templated":true}]}}