{"id":583,"date":"2013-02-16T02:39:43","date_gmt":"2013-02-16T02:39:43","guid":{"rendered":"http:\/\/www.cadernetadeviagem.com\/?p=583"},"modified":"2013-02-16T02:39:43","modified_gmt":"2013-02-16T02:39:43","slug":"torre-eiffel-paris","status":"publish","type":"post","link":"http:\/\/cadernetadeviagem.com\/?p=583","title":{"rendered":"Torre Eiffel [Paris]"},"content":{"rendered":"<p align=\"right\"><a href=\"http:\/\/www.cadernetadeviagem.com\/?p=6\">voltar ao \u00edndice Paris<\/a><\/p>\n<p><a href=\"http:\/\/www.nome.jpg\"><img decoding=\"async\" src=\"http:\/\/www.cadernetadeviagem.com\/Img1\/torre eiffel 01.jpg\" class=\"alignleft\" \/><\/a><\/p>\n<p>A Torre Eiffel \u00e9 grandiosa. Suas curvas e estatura definiram o perfil de uma das cidades mais importantes do mundo. A vista do Trocadero, do outro lado do Sena, d\u00e1 boa perspectiva da Torre. Seus trezentos metros de altura permitem apreciar a beleza da cidade l\u00e1 embaixo. N\u00e3o \u00e9 poss\u00edvel visitar Paris sem ver e subir na Torre. Prefiro a plasticidade da estrutura em a\u00e7o do que as vistas da cidade que temos l\u00e1 de cima. A torre \u00e9 perfeita em seu desenho e adapta\u00e7\u00e3o \u00e0 cidade, ou \u00e9 o contr\u00e1rio. <\/p>\n","protected":false},"excerpt":{"rendered":"<p>voltar ao \u00edndice Paris A Torre Eiffel \u00e9 grandiosa. Suas curvas e estatura definiram o perfil de uma das cidades mais importantes do mundo. A vista do Trocadero, do outro lado do Sena, d\u00e1 boa perspectiva da Torre. Seus trezentos metros de altura permitem apreciar a beleza da cidade l\u00e1 embaixo. N\u00e3o \u00e9 poss\u00edvel visitar &hellip; <a href=\"http:\/\/cadernetadeviagem.com\/?p=583\" class=\"more-link\">Continue lendo<span class=\"screen-reader-text\"> &#8220;Torre Eiffel [Paris]&#8221;<\/span><\/a><\/p>\n","protected":false},"author":2,"featured_media":0,"comment_status":"open","ping_status":"open","sticky":false,"template":"","format":"standard","meta":{"footnotes":""},"categories":[9,22],"tags":[53,70],"class_list":["post-583","post","type-post","status-publish","format-standard","hentry","category-franca","category-paris","tag-franca","tag-paris"],"_links":{"self":[{"href":"http:\/\/cadernetadeviagem.com\/index.php?rest_route=\/wp\/v2\/posts\/583","targetHints":{"allow":["GET"]}}],"collection":[{"href":"http:\/\/cadernetadeviagem.com\/index.php?rest_route=\/wp\/v2\/posts"}],"about":[{"href":"http:\/\/cadernetadeviagem.com\/index.php?rest_route=\/wp\/v2\/types\/post"}],"author":[{"embeddable":true,"href":"http:\/\/cadernetadeviagem.com\/index.php?rest_route=\/wp\/v2\/users\/2"}],"replies":[{"embeddable":true,"href":"http:\/\/cadernetadeviagem.com\/index.php?rest_route=%2Fwp%2Fv2%2Fcomments&post=583"}],"version-history":[{"count":0,"href":"http:\/\/cadernetadeviagem.com\/index.php?rest_route=\/wp\/v2\/posts\/583\/revisions"}],"wp:attachment":[{"href":"http:\/\/cadernetadeviagem.com\/index.php?rest_route=%2Fwp%2Fv2%2Fmedia&parent=583"}],"wp:term":[{"taxonomy":"category","embeddable":true,"href":"http:\/\/cadernetadeviagem.com\/index.php?rest_route=%2Fwp%2Fv2%2Fcategories&post=583"},{"taxonomy":"post_tag","embeddable":true,"href":"http:\/\/cadernetadeviagem.com\/index.php?rest_route=%2Fwp%2Fv2%2Ftags&post=583"}],"curies":[{"name":"wp","href":"https:\/\/api.w.org\/{rel}","templated":true}]}}